{"id":1479,"date":"2025-07-13T13:29:53","date_gmt":"2025-07-13T04:29:53","guid":{"rendered":"https:\/\/comic-addict.com\/editorial\/fr\/?p=1479"},"modified":"2025-07-13T13:29:53","modified_gmt":"2025-07-13T04:29:53","slug":"news_202507_wistria","status":"publish","type":"post","link":"https:\/\/comic-addict.com\/editorial\/fr\/news_202507_wistria\/","title":{"rendered":"&#8220;Wistoria: Wand and Sword&#8221; &#8211; La saison 2 annonc\u00e9e pour 2026 ! Une illustration sp\u00e9ciale pour le 1er anniversaire r\u00e9unit le casting prestigieux"},"content":{"rendered":"<h2>Pr\u00e9sentation<\/h2>\n<p>Il a \u00e9t\u00e9 annonc\u00e9 que la saison 2 de l&#8217;anime &#8220;Wistoria: Wand and Sword&#8221; sera diffus\u00e9e en 2026. Cette nouvelle signifie que la suite tant attendue par les fans est en production, attirant une grande attention. De plus, une illustration sp\u00e9ciale pour c\u00e9l\u00e9brer le premier anniversaire a \u00e9t\u00e9 d\u00e9voil\u00e9e, montrant le retour du casting prestigieux.<\/p>\n<p>La premi\u00e8re saison, diffus\u00e9e lors de la saison estivale 2024, a suscit\u00e9 l&#8217;engouement pour son univers unique et les exploits de ses personnages. L&#8217;annonce de la production d&#8217;une deuxi\u00e8me saison prouve la popularit\u00e9 et la qualit\u00e9 de l&#8217;\u0153uvre.<\/p>\n<p>Cette annonce est \u00e9galement trait\u00e9e comme une nouvelle importante dans l&#8217;industrie de l&#8217;anime. La d\u00e9cision de produire une suite a accru les attentes concernant les d\u00e9veloppements futurs et l&#8217;apparition de nouveaux personnages.<\/p>\n<blockquote class=\"twitter-tweet\">\n<p lang=\"ja\" dir=\"ltr\">\uff0f<br \/>\ud83e\ude84\u3297TV\u30a2\u30cb\u30e1\u653e\u90011\u20e3\u5468\u5e74<br \/>\uff3c<br \/>TV\u30a2\u30cb\u30e1\u653e\u90011\u20e3\u5468\u5e74\u3092\u8a18\u5ff5\u3057\u3066<a href=\"https:\/\/twitter.com\/hashtag\/%E9%9D%92%E4%BA%95%E8%81%96?src=hash&amp;ref_src=twsrc%5Etfw\">#\u9752\u4e95\u8056<\/a> \u5148\u751f\u63cf\u304d\u4e0b\u308d\u3057\u306e\u7279\u5225\u306a\u30d3\u30b8\u30e5\u30a2\u30eb\u304c\u516c\u958b\uff01<\/p>\n<p>\u3055\u3089\u306b&#8230;&#8230;TV\u30a2\u30cb\u30e1\u7b2c2\u20e3\u671f\u306e\u653e\u9001\u304c2026\u5e74\u306b\u6c7a\u5b9a\u3044\u305f\u3057\u307e\u3057\u305f\uff01<br \/>\u8a73\u7d30\u306e\u6642\u671f\u306a\u3069\u306f\u5f8c\u65e5\u767a\u8868\u3044\u305f\u3057\u307e\u3059!!!<a href=\"https:\/\/t.co\/ZYbxv1Gwj2\">https:\/\/t.co\/ZYbxv1Gwj2<\/a><a href=\"https:\/\/twitter.com\/hashtag\/%E3%82%A6%E3%82%A3%E3%82%B9%E3%83%88%E3%83%AA%E3%82%A2?src=hash&amp;ref_src=twsrc%5Etfw\">#\u30a6\u30a3\u30b9\u30c8\u30ea\u30a2<\/a> <a href=\"https:\/\/t.co\/mwiieoWNb9\">pic.twitter.com\/mwiieoWNb9<\/a><\/p>\n<p>&mdash; TV\u30a2\u30cb\u30e1\u300e\u6756\u3068\u5263\u306e\u30a6\u30a3\u30b9\u30c8\u30ea\u30a2\u300f\uff0f\u7b2c2\u671f2026\u5e74\u653e\u9001\u6c7a\u5b9a\ud83e\ude84\u2694\ufe0f (@Wistoria_PR) <a href=\"https:\/\/twitter.com\/Wistoria_PR\/status\/1941761532867510592?ref_src=twsrc%5Etfw\">July 6, 2025<\/a><\/p><\/blockquote>\n<p> <script async src=\"https:\/\/platform.twitter.com\/widgets.js\" charset=\"utf-8\"><\/script><\/p>\n<h2>\u00c0 propos de l&#8217;\u0153uvre<\/h2>\n<p>&#8220;Wistoria: Wand and Sword&#8221; est un anime diffus\u00e9 lors de la saison estivale 2024. Avec un casting prestigieux incluant K\u014dhei Amasaki, Akira Sekine, et Satomi Amano, leurs performances vocales constituent l&#8217;un des charmes de l&#8217;\u0153uvre.<\/p>\n<p>L&#8217;histoire se d\u00e9roule dans un monde o\u00f9 magie et arts martiaux coexistent, suivant les aventures et la croissance des protagonistes. Son univers unique et son histoire profonde sont caract\u00e9ristiques, recevant des \u00e9loges \u00e9lev\u00e9s de la part des fans.<\/p>\n<p>La premi\u00e8re saison a d\u00e9peint les liens et les combats des protagonistes, suscitant beaucoup d&#8217;\u00e9motion. Pour la deuxi\u00e8me saison, on s&#8217;attend \u00e0 un monde encore plus vaste et \u00e0 de nouveaux ennemis.<\/p>\n<p>De plus, la bande originale et les designs des personnages sont hautement appr\u00e9ci\u00e9s, attirant non seulement les fans d&#8217;anime mais aussi ceux de musique et d&#8217;art.<\/p>\n<blockquote class=\"twitter-tweet\" data-media-max-width=\"560\">\n<p lang=\"ja\" dir=\"ltr\">\uff0f<br \/>\ud83e\ude84\u7b2c2\u671f\u306e\u5236\u4f5c\u304c\u6c7a\u5b9a<br \/>\uff3c<br \/>TV\u30a2\u30cb\u30e1\u300e\u6756\u3068\u5263\u306e\u30a6\u30a3\u30b9\u30c8\u30ea\u30a2\u300f\u306e<br \/>\u7b2c2\u671f\u5236\u4f5c\u6c7a\u5b9a\uff01\u2728<\/p>\n<p>\u539f\u4f5c\u306e\u4f5c\u753b\u3092\u62c5\u5f53\u3059\u308b <a href=\"https:\/\/twitter.com\/hashtag\/%E9%9D%92%E4%BA%95%E8%81%96?src=hash&amp;ref_src=twsrc%5Etfw\">#\u9752\u4e95\u8056<\/a> \u5148\u751f\u306b\u3088\u308b<br \/>TV\u30a2\u30cb\u30e1\u7b2c2\u671f\u6c7a\u5b9a\u8a18\u5ff5\u30a4\u30e9\u30b9\u30c8\u3082\u5230\u7740\u3057\u307e\u3057\u305f\uff01<br \/>\u4eca\u5f8c\u306e\u7d9a\u5831\u3092\u305c\u3072\u304a\u697d\u3057\u307f\u306b\u304a\u5f85\u3061\u304f\u3060\u3055\u3044\ud83c\udfb6<a href=\"https:\/\/t.co\/Zmys05IduK\">https:\/\/t.co\/Zmys05IduK<\/a><a href=\"https:\/\/twitter.com\/hashtag\/%E3%82%A6%E3%82%A3%E3%82%B9%E3%83%88%E3%83%AA%E3%82%A2?src=hash&amp;ref_src=twsrc%5Etfw\">#\u30a6\u30a3\u30b9\u30c8\u30ea\u30a2<\/a> <a href=\"https:\/\/twitter.com\/hashtag\/Wistoria?src=hash&amp;ref_src=twsrc%5Etfw\">#Wistoria<\/a> <a href=\"https:\/\/twitter.com\/hashtag\/%E5%A4%A7%E6%A3%AE%E8%97%A4%E3%83%8E?src=hash&amp;ref_src=twsrc%5Etfw\">#\u5927\u68ee\u85e4\u30ce<\/a> <a href=\"https:\/\/t.co\/ymyX9ISi6O\">pic.twitter.com\/ymyX9ISi6O<\/a><\/p>\n<p>&mdash; TV\u30a2\u30cb\u30e1\u300e\u6756\u3068\u5263\u306e\u30a6\u30a3\u30b9\u30c8\u30ea\u30a2\u300f\uff0f\u7b2c2\u671f2026\u5e74\u653e\u9001\u6c7a\u5b9a\ud83e\ude84\u2694\ufe0f (@Wistoria_PR) <a href=\"https:\/\/twitter.com\/Wistoria_PR\/status\/1840300484550152405?ref_src=twsrc%5Etfw\">September 29, 2024<\/a><\/p><\/blockquote>\n<p> <script async src=\"https:\/\/platform.twitter.com\/widgets.js\" charset=\"utf-8\"><\/script><\/p>\n<h2>D\u00e9tails de l&#8217;actualit\u00e9<\/h2>\n<p>La diffusion de la saison 2 de &#8220;Wistoria: Wand and Sword&#8221; a \u00e9t\u00e9 confirm\u00e9e pour 2026. Cette nouvelle a \u00e9t\u00e9 annonc\u00e9e via le site officiel et les r\u00e9seaux sociaux, suscitant une grande r\u00e9action parmi les fans.<\/p>\n<p>L&#8217;illustration sp\u00e9ciale pour le premier anniversaire r\u00e9unit tous les personnages principaux de la premi\u00e8re saison. Cette illustration a une signification particuli\u00e8re pour les fans de l&#8217;\u0153uvre, augmentant encore les attentes pour la deuxi\u00e8me saison.<\/p>\n<p>Les membres du casting ont \u00e9galement partag\u00e9 leur enthousiasme pour la deuxi\u00e8me saison. K\u014dhei Amasaki a comment\u00e9 : &#8220;Je ferai de mon mieux pour offrir une histoire encore plus passionnante que la premi\u00e8re saison&#8221;, tandis qu&#8217;Akira Sekine a d\u00e9clar\u00e9 : &#8220;Je suis excit\u00e9e par les nouveaux d\u00e9veloppements&#8221;.<\/p>\n<p>Il a \u00e9t\u00e9 annonc\u00e9 que la m\u00eame \u00e9quipe que pour la premi\u00e8re saison participera \u00e0 la production de la deuxi\u00e8me saison, garantissant la qualit\u00e9 de l&#8217;\u0153uvre. De plus, l&#8217;apparition de nouveaux personnages et les d\u00e9veloppements de l&#8217;intrigue attirent l&#8217;attention.<\/p>\n<p>Dans l&#8217;industrie de l&#8217;anime, la d\u00e9cision de produire une suite a rappel\u00e9 l&#8217;influence significative de cette \u0153uvre. Les attentes sont \u00e9galement \u00e9lev\u00e9es pour les d\u00e9veloppements futurs et la sortie de produits d\u00e9riv\u00e9s.<\/p>\n","protected":false},"excerpt":{"rendered":"<p>Pr\u00e9sentation Il a \u00e9t<\/p>\n","protected":false},"author":1,"featured_media":1489,"comment_status":"closed","ping_status":"closed","sticky":false,"template":"","format":"standard","meta":{"footnotes":""},"categories":[138],"tags":[],"class_list":["post-1479","post","type-post","status-publish","format-standard","has-post-thumbnail","hentry","category-news"],"aioseo_notices":[],"aioseo_head":"\n\t\t<!-- All in One SEO 5.0.0.1 - aioseo.com -->\n\t<meta name=\"description\" content=\"Pr\u00e9sentation Il a \u00e9t\u00e9 annonc\u00e9 que la saison 2 de l&#039;anim\" \/>\n\t<meta name=\"robots\" content=\"max-image-preview:large\" \/>\n\t<meta name=\"author\" content=\"ComicAddict\"\/>\n\t<link rel=\"canonical\" href=\"https:\/\/comic-addict.com\/editorial\/fr\/news_202507_wistria\/\" \/>\n\t<meta name=\"generator\" content=\"All in One SEO (AIOSEO) 5.0.0.1\" \/>\n\n\t\t<!-- Google tag (gtag.js) -->\n<script async src=\"https:\/\/www.googletagmanager.com\/gtag\/js?id=G-1HHP5WEH3W\"><\/script>\n<script>\n  window.dataLayer = window.dataLayer || [];\n  function gtag(){dataLayer.push(arguments);}\n  gtag('js', new Date());\n\n  gtag('config', 'G-1HHP5WEH3W');\n<\/script>\n\t\t<meta property=\"og:locale\" content=\"ja_JP\" \/>\n\t\t<meta property=\"og:site_name\" content=\"ComicAddict Lab - For All Manga Lovers\" \/>\n\t\t<meta property=\"og:type\" content=\"article\" \/>\n\t\t<meta property=\"og:title\" content=\"\u201cWistoria: Wand and Sword\u201d \u2013 La saison 2 annonc\u00e9e pour 2026 ! Une illustration sp\u00e9ciale pour le 1er anniversaire r\u00e9unit le casting prestigieux - ComicAddict Lab\" \/>\n\t\t<meta property=\"og:description\" content=\"Pr\u00e9sentation Il a \u00e9t\u00e9 annonc\u00e9 que la saison 2 de l&#039;anim\" \/>\n\t\t<meta property=\"og:url\" content=\"https:\/\/comic-addict.com\/editorial\/fr\/news_202507_wistria\/\" \/>\n\t\t<meta property=\"og:image\" content=\"https:\/\/comic-addict.com\/editorial\/fr\/wp-content\/uploads\/2024\/07\/cropped-ComicAddict-Lab20240702_1.png\" \/>\n\t\t<meta property=\"og:image:secure_url\" content=\"https:\/\/comic-addict.com\/editorial\/fr\/wp-content\/uploads\/2024\/07\/cropped-ComicAddict-Lab20240702_1.png\" \/>\n\t\t<meta property=\"article:published_time\" content=\"2025-07-13T04:29:53+00:00\" \/>\n\t\t<meta property=\"article:modified_time\" content=\"2025-07-13T04:29:53+00:00\" \/>\n\t\t<meta name=\"twitter:card\" content=\"summary_large_image\" \/>\n\t\t<meta name=\"twitter:site\" content=\"@ComicAddictJP\" \/>\n\t\t<meta name=\"twitter:title\" content=\"\u201cWistoria: Wand and Sword\u201d \u2013 La saison 2 annonc\u00e9e pour 2026 ! Une illustration sp\u00e9ciale pour le 1er anniversaire r\u00e9unit le casting prestigieux - ComicAddict Lab\" \/>\n\t\t<meta name=\"twitter:description\" content=\"Pr\u00e9sentation Il a \u00e9t\u00e9 annonc\u00e9 que la saison 2 de l&#039;anim\" \/>\n\t\t<meta name=\"twitter:creator\" content=\"@ComicAddictJP\" \/>\n\t\t<meta name=\"twitter:image\" content=\"https:\/\/comic-addict.com\/editorial\/fr\/wp-content\/uploads\/2024\/07\/cropped-ComicAddict-Lab20240702_1.png\" \/>\n\t\t<script type=\"application\/ld+json\" class=\"aioseo-schema\">\n\t\t\t{\"@context\":\"https:\\\/\\\/schema.org\",\"@graph\":[{\"@type\":\"BlogPosting\",\"@id\":\"https:\\\/\\\/comic-addict.com\\\/editorial\\\/fr\\\/news_202507_wistria\\\/#blogposting\",\"name\":\"\\u201cWistoria: Wand and Sword\\u201d \\u2013 La saison 2 annonc\\u00e9e pour 2026 ! Une illustration sp\\u00e9ciale pour le 1er anniversaire r\\u00e9unit le casting prestigieux - ComicAddict Lab\",\"headline\":\"&#8220;Wistoria: Wand and Sword&#8221; &#8211; La saison 2 annonc\\u00e9e pour 2026 ! Une illustration sp\\u00e9ciale pour le 1er anniversaire r\\u00e9unit le casting prestigieux\",\"author\":{\"@id\":\"https:\\\/\\\/comic-addict.com\\\/editorial\\\/fr\\\/author\\\/addict_admin\\\/#author\"},\"publisher\":{\"@id\":\"https:\\\/\\\/comic-addict.com\\\/editorial\\\/fr\\\/#organization\"},\"image\":{\"@type\":\"ImageObject\",\"url\":\"https:\\\/\\\/comic-addict.com\\\/editorial\\\/fr\\\/wp-content\\\/uploads\\\/2025\\\/07\\\/202507_wistoria_anime2026.png\",\"width\":1366,\"height\":768},\"datePublished\":\"2025-07-13T13:29:53+09:00\",\"dateModified\":\"2025-07-13T13:29:53+09:00\",\"inLanguage\":\"ja\",\"mainEntityOfPage\":{\"@id\":\"https:\\\/\\\/comic-addict.com\\\/editorial\\\/fr\\\/news_202507_wistria\\\/#webpage\"},\"isPartOf\":{\"@id\":\"https:\\\/\\\/comic-addict.com\\\/editorial\\\/fr\\\/news_202507_wistria\\\/#webpage\"},\"articleSection\":\"News\"},{\"@type\":\"BreadcrumbList\",\"@id\":\"https:\\\/\\\/comic-addict.com\\\/editorial\\\/fr\\\/news_202507_wistria\\\/#breadcrumblist\",\"itemListElement\":[{\"@type\":\"ListItem\",\"@id\":\"https:\\\/\\\/comic-addict.com\\\/editorial\\\/fr#listItem\",\"position\":1,\"name\":\"Home\",\"item\":\"https:\\\/\\\/comic-addict.com\\\/editorial\\\/fr\",\"nextItem\":{\"@type\":\"ListItem\",\"@id\":\"https:\\\/\\\/comic-addict.com\\\/editorial\\\/fr\\\/category\\\/news\\\/#listItem\",\"name\":\"News\"}},{\"@type\":\"ListItem\",\"@id\":\"https:\\\/\\\/comic-addict.com\\\/editorial\\\/fr\\\/category\\\/news\\\/#listItem\",\"position\":2,\"name\":\"News\",\"item\":\"https:\\\/\\\/comic-addict.com\\\/editorial\\\/fr\\\/category\\\/news\\\/\",\"nextItem\":{\"@type\":\"ListItem\",\"@id\":\"https:\\\/\\\/comic-addict.com\\\/editorial\\\/fr\\\/news_202507_wistria\\\/#listItem\",\"name\":\"&#8220;Wistoria: Wand and Sword&#8221; &#8211; La saison 2 annonc\\u00e9e pour 2026 ! Une illustration sp\\u00e9ciale pour le 1er anniversaire r\\u00e9unit le casting prestigieux\"},\"previousItem\":{\"@type\":\"ListItem\",\"@id\":\"https:\\\/\\\/comic-addict.com\\\/editorial\\\/fr#listItem\",\"name\":\"Home\"}},{\"@type\":\"ListItem\",\"@id\":\"https:\\\/\\\/comic-addict.com\\\/editorial\\\/fr\\\/news_202507_wistria\\\/#listItem\",\"position\":3,\"name\":\"&#8220;Wistoria: Wand and Sword&#8221; &#8211; La saison 2 annonc\\u00e9e pour 2026 ! Une illustration sp\\u00e9ciale pour le 1er anniversaire r\\u00e9unit le casting prestigieux\",\"previousItem\":{\"@type\":\"ListItem\",\"@id\":\"https:\\\/\\\/comic-addict.com\\\/editorial\\\/fr\\\/category\\\/news\\\/#listItem\",\"name\":\"News\"}}]},{\"@type\":\"Organization\",\"@id\":\"https:\\\/\\\/comic-addict.com\\\/editorial\\\/fr\\\/#organization\",\"name\":\"Editorial Comic Addict(JP)\",\"description\":\"For All Manga Lovers\",\"url\":\"https:\\\/\\\/comic-addict.com\\\/editorial\\\/fr\\\/\",\"logo\":{\"@type\":\"ImageObject\",\"url\":\"https:\\\/\\\/comic-addict.com\\\/editorial\\\/fr\\\/wp-content\\\/uploads\\\/2024\\\/07\\\/cropped-ComicAddict-Lab20240702_1.png\",\"@id\":\"https:\\\/\\\/comic-addict.com\\\/editorial\\\/fr\\\/news_202507_wistria\\\/#organizationLogo\",\"width\":2492,\"height\":225},\"image\":{\"@id\":\"https:\\\/\\\/comic-addict.com\\\/editorial\\\/fr\\\/news_202507_wistria\\\/#organizationLogo\"},\"sameAs\":[\"https:\\\/\\\/twitter.com\\\/ComicAddictJP\"]},{\"@type\":\"Person\",\"@id\":\"https:\\\/\\\/comic-addict.com\\\/editorial\\\/fr\\\/author\\\/addict_admin\\\/#author\",\"url\":\"https:\\\/\\\/comic-addict.com\\\/editorial\\\/fr\\\/author\\\/addict_admin\\\/\",\"name\":\"ComicAddict\",\"image\":{\"@type\":\"ImageObject\",\"@id\":\"https:\\\/\\\/comic-addict.com\\\/editorial\\\/fr\\\/news_202507_wistria\\\/#authorImage\",\"url\":\"https:\\\/\\\/secure.gravatar.com\\\/avatar\\\/4c07f516a29e47902c69c3766580083dac6386823a75771fe365c54b8ebdaea0?s=96&d=mm&r=g\",\"width\":96,\"height\":96,\"caption\":\"ComicAddict\"}},{\"@type\":\"WebPage\",\"@id\":\"https:\\\/\\\/comic-addict.com\\\/editorial\\\/fr\\\/news_202507_wistria\\\/#webpage\",\"url\":\"https:\\\/\\\/comic-addict.com\\\/editorial\\\/fr\\\/news_202507_wistria\\\/\",\"name\":\"\\u201cWistoria: Wand and Sword\\u201d \\u2013 La saison 2 annonc\\u00e9e pour 2026 ! Une illustration sp\\u00e9ciale pour le 1er anniversaire r\\u00e9unit le casting prestigieux - ComicAddict Lab\",\"description\":\"Pr\\u00e9sentation Il a \\u00e9t\\u00e9 annonc\\u00e9 que la saison 2 de l'anim\",\"inLanguage\":\"ja\",\"isPartOf\":{\"@id\":\"https:\\\/\\\/comic-addict.com\\\/editorial\\\/fr\\\/#website\"},\"breadcrumb\":{\"@id\":\"https:\\\/\\\/comic-addict.com\\\/editorial\\\/fr\\\/news_202507_wistria\\\/#breadcrumblist\"},\"author\":{\"@id\":\"https:\\\/\\\/comic-addict.com\\\/editorial\\\/fr\\\/author\\\/addict_admin\\\/#author\"},\"creator\":{\"@id\":\"https:\\\/\\\/comic-addict.com\\\/editorial\\\/fr\\\/author\\\/addict_admin\\\/#author\"},\"image\":{\"@type\":\"ImageObject\",\"url\":\"https:\\\/\\\/comic-addict.com\\\/editorial\\\/fr\\\/wp-content\\\/uploads\\\/2025\\\/07\\\/202507_wistoria_anime2026.png\",\"@id\":\"https:\\\/\\\/comic-addict.com\\\/editorial\\\/fr\\\/news_202507_wistria\\\/#mainImage\",\"width\":1366,\"height\":768},\"primaryImageOfPage\":{\"@id\":\"https:\\\/\\\/comic-addict.com\\\/editorial\\\/fr\\\/news_202507_wistria\\\/#mainImage\"},\"datePublished\":\"2025-07-13T13:29:53+09:00\",\"dateModified\":\"2025-07-13T13:29:53+09:00\"},{\"@type\":\"WebSite\",\"@id\":\"https:\\\/\\\/comic-addict.com\\\/editorial\\\/fr\\\/#website\",\"url\":\"https:\\\/\\\/comic-addict.com\\\/editorial\\\/fr\\\/\",\"name\":\"Editorial ComicAddict\",\"description\":\"For All Manga Lovers\",\"inLanguage\":\"ja\",\"publisher\":{\"@id\":\"https:\\\/\\\/comic-addict.com\\\/editorial\\\/fr\\\/#organization\"}}]}\n\t\t<\/script>\n\t\t<!-- All in One SEO -->\n\n","aioseo_head_json":{"title":"\u201cWistoria: Wand and Sword\u201d \u2013 La saison 2 annonc\u00e9e pour 2026 ! Une illustration sp\u00e9ciale pour le 1er anniversaire r\u00e9unit le casting prestigieux - ComicAddict Lab","description":"Pr\u00e9sentation Il a \u00e9t\u00e9 annonc\u00e9 que la saison 2 de l'anim","canonical_url":"https:\/\/comic-addict.com\/editorial\/fr\/news_202507_wistria\/","robots":"max-image-preview:large","keywords":"","webmasterTools":{"miscellaneous":"&lt;!-- Google tag (gtag.js) --&gt;\n&lt;script async src=\"https:\/\/www.googletagmanager.com\/gtag\/js?id=G-1HHP5WEH3W\"&gt;&lt;\/script&gt;\n&lt;script&gt;\n  window.dataLayer = window.dataLayer || [];\n  function gtag(){dataLayer.push(arguments);}\n  gtag('js', new Date());\n\n  gtag('config', 'G-1HHP5WEH3W');\n&lt;\/script&gt;"},"schema":{"@context":"https:\/\/schema.org","@graph":[{"@type":"BlogPosting","@id":"https:\/\/comic-addict.com\/editorial\/fr\/news_202507_wistria\/#blogposting","name":"\u201cWistoria: Wand and Sword\u201d \u2013 La saison 2 annonc\u00e9e pour 2026 ! Une illustration sp\u00e9ciale pour le 1er anniversaire r\u00e9unit le casting prestigieux - ComicAddict Lab","headline":"&#8220;Wistoria: Wand and Sword&#8221; &#8211; La saison 2 annonc\u00e9e pour 2026 ! Une illustration sp\u00e9ciale pour le 1er anniversaire r\u00e9unit le casting prestigieux","author":{"@id":"https:\/\/comic-addict.com\/editorial\/fr\/author\/addict_admin\/#author"},"publisher":{"@id":"https:\/\/comic-addict.com\/editorial\/fr\/#organization"},"image":{"@type":"ImageObject","url":"https:\/\/comic-addict.com\/editorial\/fr\/wp-content\/uploads\/2025\/07\/202507_wistoria_anime2026.png","width":1366,"height":768},"datePublished":"2025-07-13T13:29:53+09:00","dateModified":"2025-07-13T13:29:53+09:00","inLanguage":"ja","mainEntityOfPage":{"@id":"https:\/\/comic-addict.com\/editorial\/fr\/news_202507_wistria\/#webpage"},"isPartOf":{"@id":"https:\/\/comic-addict.com\/editorial\/fr\/news_202507_wistria\/#webpage"},"articleSection":"News"},{"@type":"BreadcrumbList","@id":"https:\/\/comic-addict.com\/editorial\/fr\/news_202507_wistria\/#breadcrumblist","itemListElement":[{"@type":"ListItem","@id":"https:\/\/comic-addict.com\/editorial\/fr#listItem","position":1,"name":"Home","item":"https:\/\/comic-addict.com\/editorial\/fr","nextItem":{"@type":"ListItem","@id":"https:\/\/comic-addict.com\/editorial\/fr\/category\/news\/#listItem","name":"News"}},{"@type":"ListItem","@id":"https:\/\/comic-addict.com\/editorial\/fr\/category\/news\/#listItem","position":2,"name":"News","item":"https:\/\/comic-addict.com\/editorial\/fr\/category\/news\/","nextItem":{"@type":"ListItem","@id":"https:\/\/comic-addict.com\/editorial\/fr\/news_202507_wistria\/#listItem","name":"&#8220;Wistoria: Wand and Sword&#8221; &#8211; La saison 2 annonc\u00e9e pour 2026 ! Une illustration sp\u00e9ciale pour le 1er anniversaire r\u00e9unit le casting prestigieux"},"previousItem":{"@type":"ListItem","@id":"https:\/\/comic-addict.com\/editorial\/fr#listItem","name":"Home"}},{"@type":"ListItem","@id":"https:\/\/comic-addict.com\/editorial\/fr\/news_202507_wistria\/#listItem","position":3,"name":"&#8220;Wistoria: Wand and Sword&#8221; &#8211; La saison 2 annonc\u00e9e pour 2026 ! Une illustration sp\u00e9ciale pour le 1er anniversaire r\u00e9unit le casting prestigieux","previousItem":{"@type":"ListItem","@id":"https:\/\/comic-addict.com\/editorial\/fr\/category\/news\/#listItem","name":"News"}}]},{"@type":"Organization","@id":"https:\/\/comic-addict.com\/editorial\/fr\/#organization","name":"Editorial Comic Addict(JP)","description":"For All Manga Lovers","url":"https:\/\/comic-addict.com\/editorial\/fr\/","logo":{"@type":"ImageObject","url":"https:\/\/comic-addict.com\/editorial\/fr\/wp-content\/uploads\/2024\/07\/cropped-ComicAddict-Lab20240702_1.png","@id":"https:\/\/comic-addict.com\/editorial\/fr\/news_202507_wistria\/#organizationLogo","width":2492,"height":225},"image":{"@id":"https:\/\/comic-addict.com\/editorial\/fr\/news_202507_wistria\/#organizationLogo"},"sameAs":["https:\/\/twitter.com\/ComicAddictJP"]},{"@type":"Person","@id":"https:\/\/comic-addict.com\/editorial\/fr\/author\/addict_admin\/#author","url":"https:\/\/comic-addict.com\/editorial\/fr\/author\/addict_admin\/","name":"ComicAddict","image":{"@type":"ImageObject","@id":"https:\/\/comic-addict.com\/editorial\/fr\/news_202507_wistria\/#authorImage","url":"https:\/\/secure.gravatar.com\/avatar\/4c07f516a29e47902c69c3766580083dac6386823a75771fe365c54b8ebdaea0?s=96&d=mm&r=g","width":96,"height":96,"caption":"ComicAddict"}},{"@type":"WebPage","@id":"https:\/\/comic-addict.com\/editorial\/fr\/news_202507_wistria\/#webpage","url":"https:\/\/comic-addict.com\/editorial\/fr\/news_202507_wistria\/","name":"\u201cWistoria: Wand and Sword\u201d \u2013 La saison 2 annonc\u00e9e pour 2026 ! Une illustration sp\u00e9ciale pour le 1er anniversaire r\u00e9unit le casting prestigieux - ComicAddict Lab","description":"Pr\u00e9sentation Il a \u00e9t\u00e9 annonc\u00e9 que la saison 2 de l'anim","inLanguage":"ja","isPartOf":{"@id":"https:\/\/comic-addict.com\/editorial\/fr\/#website"},"breadcrumb":{"@id":"https:\/\/comic-addict.com\/editorial\/fr\/news_202507_wistria\/#breadcrumblist"},"author":{"@id":"https:\/\/comic-addict.com\/editorial\/fr\/author\/addict_admin\/#author"},"creator":{"@id":"https:\/\/comic-addict.com\/editorial\/fr\/author\/addict_admin\/#author"},"image":{"@type":"ImageObject","url":"https:\/\/comic-addict.com\/editorial\/fr\/wp-content\/uploads\/2025\/07\/202507_wistoria_anime2026.png","@id":"https:\/\/comic-addict.com\/editorial\/fr\/news_202507_wistria\/#mainImage","width":1366,"height":768},"primaryImageOfPage":{"@id":"https:\/\/comic-addict.com\/editorial\/fr\/news_202507_wistria\/#mainImage"},"datePublished":"2025-07-13T13:29:53+09:00","dateModified":"2025-07-13T13:29:53+09:00"},{"@type":"WebSite","@id":"https:\/\/comic-addict.com\/editorial\/fr\/#website","url":"https:\/\/comic-addict.com\/editorial\/fr\/","name":"Editorial ComicAddict","description":"For All Manga Lovers","inLanguage":"ja","publisher":{"@id":"https:\/\/comic-addict.com\/editorial\/fr\/#organization"}}]},"og:locale":"ja_JP","og:site_name":"ComicAddict Lab - For All Manga Lovers","og:type":"article","og:title":"\u201cWistoria: Wand and Sword\u201d \u2013 La saison 2 annonc\u00e9e pour 2026 ! Une illustration sp\u00e9ciale pour le 1er anniversaire r\u00e9unit le casting prestigieux - ComicAddict Lab","og:description":"Pr\u00e9sentation Il a \u00e9t\u00e9 annonc\u00e9 que la saison 2 de l'anim","og:url":"https:\/\/comic-addict.com\/editorial\/fr\/news_202507_wistria\/","og:image":"https:\/\/comic-addict.com\/editorial\/fr\/wp-content\/uploads\/2024\/07\/cropped-ComicAddict-Lab20240702_1.png","og:image:secure_url":"https:\/\/comic-addict.com\/editorial\/fr\/wp-content\/uploads\/2024\/07\/cropped-ComicAddict-Lab20240702_1.png","article:published_time":"2025-07-13T04:29:53+00:00","article:modified_time":"2025-07-13T04:29:53+00:00","twitter:card":"summary_large_image","twitter:site":"@ComicAddictJP","twitter:title":"\u201cWistoria: Wand and Sword\u201d \u2013 La saison 2 annonc\u00e9e pour 2026 ! Une illustration sp\u00e9ciale pour le 1er anniversaire r\u00e9unit le casting prestigieux - ComicAddict Lab","twitter:description":"Pr\u00e9sentation Il a \u00e9t\u00e9 annonc\u00e9 que la saison 2 de l'anim","twitter:creator":"@ComicAddictJP","twitter:image":"https:\/\/comic-addict.com\/editorial\/fr\/wp-content\/uploads\/2024\/07\/cropped-ComicAddict-Lab20240702_1.png"},"aioseo_meta_data":{"post_id":"1479","title":null,"description":null,"keywords":null,"keyphrases":{"focus":{"keyphrase":"","score":0,"analysis":{"keyphraseInTitle":{"score":0,"maxScore":9,"error":1}}},"additional":[]},"primary_term":null,"canonical_url":null,"og_title":null,"og_description":null,"og_object_type":"default","og_image_type":"default","og_image_url":null,"og_image_width":null,"og_image_height":null,"og_image_custom_url":null,"og_image_custom_fields":null,"og_video":"","og_custom_url":null,"og_article_section":null,"og_article_tags":null,"twitter_use_og":false,"twitter_card":"default","twitter_image_type":"default","twitter_image_url":null,"twitter_image_custom_url":null,"twitter_image_custom_fields":null,"twitter_title":null,"twitter_description":null,"schema":{"blockGraphs":[],"customGraphs":[],"default":{"data":{"Article":[],"Course":[],"Dataset":[],"FAQPage":[],"Movie":[],"Person":[],"Product":[],"ProductReview":[],"Car":[],"Recipe":[],"Service":[],"SoftwareApplication":[],"WebPage":[]},"graphName":"BlogPosting","isEnabled":true},"graphs":[]},"schema_type":"default","schema_type_options":null,"pillar_content":false,"robots_default":true,"robots_noindex":false,"robots_noarchive":false,"robots_nosnippet":false,"robots_nofollow":false,"robots_noimageindex":false,"robots_noodp":false,"robots_notranslate":false,"robots_max_snippet":"-1","robots_max_videopreview":"-1","robots_max_imagepreview":"large","priority":null,"frequency":"default","local_seo":null,"breadcrumb_settings":null,"limit_modified_date":false,"ai":{"faqs":[],"keyPoints":[],"titles":[],"descriptions":[],"socialPosts":{"email":[],"linkedin":[],"twitter":[],"facebook":[],"instagram":[]}},"created":"2025-07-13 04:29:53","updated":"2025-07-13 04:41:07","focus_keyword":null,"additional_keywords":null,"truseo_locale":null,"seo_analyzer_scan_date":null},"aioseo_breadcrumb":"<div class=\"aioseo-breadcrumbs\"><span class=\"aioseo-breadcrumb\">\n\t\t\t<a href=\"https:\/\/comic-addict.com\/editorial\/fr\" title=\"Home\">Home<\/a>\n\t\t<\/span><span class=\"aioseo-breadcrumb-separator\">&raquo;<\/span><span class=\"aioseo-breadcrumb\">\n\t\t\t<a href=\"https:\/\/comic-addict.com\/editorial\/fr\/category\/news\/\" title=\"News\">News<\/a>\n\t\t<\/span><span class=\"aioseo-breadcrumb-separator\">&raquo;<\/span><span class=\"aioseo-breadcrumb\">\n\t\t\t\u201cWistoria: Wand and Sword\u201d \u2013 La saison 2 annonc\u00e9e pour 2026 ! Une illustration sp\u00e9ciale pour le 1er anniversaire r\u00e9unit le casting prestigieux\n\t\t<\/span><\/div>","aioseo_breadcrumb_json":[{"label":"Home","link":"https:\/\/comic-addict.com\/editorial\/fr"},{"label":"News","link":"https:\/\/comic-addict.com\/editorial\/fr\/category\/news\/"},{"label":"&#8220;Wistoria: Wand and Sword&#8221; &#8211; La saison 2 annonc\u00e9e pour 2026 ! Une illustration sp\u00e9ciale pour le 1er anniversaire r\u00e9unit le casting prestigieux","link":"https:\/\/comic-addict.com\/editorial\/fr\/news_202507_wistria\/"}],"_links":{"self":[{"href":"https:\/\/comic-addict.com\/editorial\/fr\/wp-json\/wp\/v2\/posts\/1479","targetHints":{"allow":["GET"]}}],"collection":[{"href":"https:\/\/comic-addict.com\/editorial\/fr\/wp-json\/wp\/v2\/posts"}],"about":[{"href":"https:\/\/comic-addict.com\/editorial\/fr\/wp-json\/wp\/v2\/types\/post"}],"author":[{"embeddable":true,"href":"https:\/\/comic-addict.com\/editorial\/fr\/wp-json\/wp\/v2\/users\/1"}],"replies":[{"embeddable":true,"href":"https:\/\/comic-addict.com\/editorial\/fr\/wp-json\/wp\/v2\/comments?post=1479"}],"version-history":[{"count":1,"href":"https:\/\/comic-addict.com\/editorial\/fr\/wp-json\/wp\/v2\/posts\/1479\/revisions"}],"predecessor-version":[{"id":1490,"href":"https:\/\/comic-addict.com\/editorial\/fr\/wp-json\/wp\/v2\/posts\/1479\/revisions\/1490"}],"wp:featuredmedia":[{"embeddable":true,"href":"https:\/\/comic-addict.com\/editorial\/fr\/wp-json\/wp\/v2\/media\/1489"}],"wp:attachment":[{"href":"https:\/\/comic-addict.com\/editorial\/fr\/wp-json\/wp\/v2\/media?parent=1479"}],"wp:term":[{"taxonomy":"category","embeddable":true,"href":"https:\/\/comic-addict.com\/editorial\/fr\/wp-json\/wp\/v2\/categories?post=1479"},{"taxonomy":"post_tag","embeddable":true,"href":"https:\/\/comic-addict.com\/editorial\/fr\/wp-json\/wp\/v2\/tags?post=1479"}],"curies":[{"name":"wp","href":"https:\/\/api.w.org\/{rel}","templated":true}]}}