{"id":1511,"date":"2025-07-24T10:04:15","date_gmt":"2025-07-24T01:04:15","guid":{"rendered":"https:\/\/comic-addict.com\/editorial\/fr\/?p=1511"},"modified":"2025-07-23T10:08:56","modified_gmt":"2025-07-23T01:08:56","slug":"news-202507-frieren","status":"publish","type":"post","link":"https:\/\/comic-addict.com\/editorial\/fr\/news-202507-frieren\/","title":{"rendered":"&#8220;Frieren : Au-del\u00e0 de l&#8217;adieu&#8221; c\u00e9l\u00e8bre la reprise de sa publication avec plus de 30 millions de volumes vendus, retour pr\u00e9vu le 23 juillet"},"content":{"rendered":"<h2>Pr\u00e9sentation<\/h2>\n<p>&#8220;Frieren : Au-del\u00e0 de l&#8217;adieu&#8221; est une s\u00e9rie de manga populaire cr\u00e9\u00e9e par Abe Tsukasa et Yamada Kanehito, captivant de nombreux lecteurs avec son univers unique et son histoire profonde.<\/p>\n<p>Avant la sortie pr\u00e9vue du volume 14 le 18 mars 2025, la s\u00e9rie a atteint l&#8217;exploit de d\u00e9passer les 30 millions de volumes cumul\u00e9s.<\/p>\n<p>Cette \u0153uvre est publi\u00e9e en s\u00e9rie dans le &#8220;Weekly Sh\u014dnen Sunday&#8221; de Sh\u014dgakukan, et un nouveau chapitre d\u00e9butera le 23 juillet.<\/p>\n<p>Avec la reprise de la publication, l&#8217;attention se porte sur les charmes de l&#8217;\u0153uvre et ses d\u00e9veloppements futurs.<\/p>\n<blockquote class=\"twitter-tweet\">\n<p lang=\"ja\" dir=\"ltr\">\u672c\u65e5\u767a\u58f2\u30b5\u30f3\u30c7\u30fc34\u53f7<br \/>141\u8a71\u63b2\u8f09\u3067\u3059\u3002 <a href=\"https:\/\/t.co\/S4s8RS6JVv\">pic.twitter.com\/S4s8RS6JVv<\/a><\/p>\n<p>&mdash; \u300e\u846c\u9001\u306e\u30d5\u30ea\u30fc\u30ec\u30f3\u300f\u516c\u5f0f (@FRIEREN_PR) <a href=\"https:\/\/twitter.com\/FRIEREN_PR\/status\/1947672993129501103?ref_src=twsrc%5Etfw\">July 22, 2025<\/a><\/p><\/blockquote>\n<p> <script async src=\"https:\/\/platform.twitter.com\/widgets.js\" charset=\"utf-8\"><\/script><\/p>\n<h2>\u00c0 propos de l&#8217;\u0153uvre<\/h2>\n<p>&#8220;Frieren : Au-del\u00e0 de l&#8217;adieu&#8221; est un manga fantastique qui suit le voyage de Frieren, une h\u00e9ro\u00efne dot\u00e9e de l&#8217;immortalit\u00e9, et de ses compagnons.<\/p>\n<p>Il se distingue par les dessins minutieux d&#8217;Abe Tsukasa et l&#8217;histoire riche en profondeur de Yamada Kanehito, recevant ainsi des \u00e9loges \u00e9lev\u00e9s de la part des lecteurs.<\/p>\n<p>Jusqu&#8217;\u00e0 pr\u00e9sent, 13 volumes ont \u00e9t\u00e9 publi\u00e9s, avec un total de plus de 30 millions d&#8217;exemplaires vendus.<\/p>\n<p>La s\u00e9rie est publi\u00e9e dans le &#8220;Weekly Sh\u014dnen Sunday&#8221;, et sa popularit\u00e9 s&#8217;\u00e9tend tant au niveau national qu&#8217;international.<\/p>\n<p>En particulier, la croissance des personnages et la repr\u00e9sentation de leurs relations captivent le c\u0153ur des lecteurs.<\/p>\n<p><iframe loading=\"lazy\" width=\"560\" height=\"315\" src=\"https:\/\/www.youtube.com\/embed\/lv5R6C3hz54?si=1Lmp4yD8iVSq61kr\" title=\"YouTube video player\" frameborder=\"0\" allow=\"accelerometer; autoplay; clipboard-write; encrypted-media; gyroscope; picture-in-picture; web-share\" referrerpolicy=\"strict-origin-when-cross-origin\" allowfullscreen><\/iframe><\/p>\n<h2>D\u00e9tails de l&#8217;actualit\u00e9<\/h2>\n<p>Il a \u00e9t\u00e9 annonc\u00e9 que la publication de &#8220;Frieren : Au-del\u00e0 de l&#8217;adieu&#8221; reprendra \u00e0 partir du 23 juillet.<\/p>\n<p>Pr\u00e9c\u00e9dant cette annonce, la nouvelle marquante du d\u00e9passement des 30 millions de volumes cumul\u00e9s a \u00e9t\u00e9 partag\u00e9e.<\/p>\n<p>Le volume 14 est pr\u00e9vu pour le 18 mars 2025, suscitant une grande attente parmi les fans.<\/p>\n<p>Pour c\u00e9l\u00e9brer la reprise de la publication, diverses campagnes et \u00e9v\u00e9nements sont pr\u00e9vus.<\/p>\n<p>Les auteurs Abe Tsukasa et Yamada Kanehito ont exprim\u00e9 leur gratitude \u00e0 l&#8217;occasion de cette reprise.<\/p>\n<p>&#8220;Nous esp\u00e9rons que vous continuerez \u00e0 appr\u00e9cier le voyage de Frieren et ses compagnons&#8221;, ont-ils d\u00e9clar\u00e9, partageant ainsi leur enthousiasme pour les d\u00e9veloppements \u00e0 venir.<\/p>\n<p>Des professionnels de l&#8217;industrie ont \u00e9galement exprim\u00e9 leur attente quant au succ\u00e8s futur de cette \u0153uvre.<\/p>\n","protected":false},"excerpt":{"rendered":"<p>Pr\u00e9sentation &#8220;<\/p>\n","protected":false},"author":1,"featured_media":1517,"comment_status":"closed","ping_status":"closed","sticky":false,"template":"","format":"standard","meta":{"footnotes":""},"categories":[138],"tags":[],"class_list":["post-1511","post","type-post","status-publish","format-standard","has-post-thumbnail","hentry","category-news"],"aioseo_notices":[],"aioseo_head":"\n\t\t<!-- All in One SEO 5.0.0.1 - aioseo.com -->\n\t<meta name=\"description\" content=\"Pr\u00e9sentation &quot;Frieren : Au-del\u00e0 de l&#039;adieu&quot; est une s\u00e9r\" \/>\n\t<meta name=\"robots\" content=\"max-image-preview:large\" \/>\n\t<meta name=\"author\" content=\"ComicAddict\"\/>\n\t<link rel=\"canonical\" href=\"https:\/\/comic-addict.com\/editorial\/fr\/news-202507-frieren\/\" \/>\n\t<meta name=\"generator\" content=\"All in One SEO (AIOSEO) 5.0.0.1\" \/>\n\n\t\t<!-- Google tag (gtag.js) -->\n<script async src=\"https:\/\/www.googletagmanager.com\/gtag\/js?id=G-1HHP5WEH3W\"><\/script>\n<script>\n  window.dataLayer = window.dataLayer || [];\n  function gtag(){dataLayer.push(arguments);}\n  gtag('js', new Date());\n\n  gtag('config', 'G-1HHP5WEH3W');\n<\/script>\n\t\t<meta property=\"og:locale\" content=\"ja_JP\" \/>\n\t\t<meta property=\"og:site_name\" content=\"ComicAddict Lab - For All Manga Lovers\" \/>\n\t\t<meta property=\"og:type\" content=\"article\" \/>\n\t\t<meta property=\"og:title\" content=\"\u201cFrieren : Au-del\u00e0 de l\u2019adieu\u201d c\u00e9l\u00e8bre la reprise de sa publication avec plus de 30 millions de volumes vendus, retour pr\u00e9vu le 23 juillet - ComicAddict Lab\" \/>\n\t\t<meta property=\"og:description\" content=\"Pr\u00e9sentation &quot;Frieren : Au-del\u00e0 de l&#039;adieu&quot; est une s\u00e9r\" \/>\n\t\t<meta property=\"og:url\" content=\"https:\/\/comic-addict.com\/editorial\/fr\/news-202507-frieren\/\" \/>\n\t\t<meta property=\"og:image\" content=\"https:\/\/comic-addict.com\/editorial\/fr\/wp-content\/uploads\/2024\/07\/cropped-ComicAddict-Lab20240702_1.png\" \/>\n\t\t<meta property=\"og:image:secure_url\" content=\"https:\/\/comic-addict.com\/editorial\/fr\/wp-content\/uploads\/2024\/07\/cropped-ComicAddict-Lab20240702_1.png\" \/>\n\t\t<meta property=\"article:published_time\" content=\"2025-07-24T01:04:15+00:00\" \/>\n\t\t<meta property=\"article:modified_time\" content=\"2025-07-23T01:08:56+00:00\" \/>\n\t\t<meta name=\"twitter:card\" content=\"summary_large_image\" \/>\n\t\t<meta name=\"twitter:site\" content=\"@ComicAddictJP\" \/>\n\t\t<meta name=\"twitter:title\" content=\"\u201cFrieren : Au-del\u00e0 de l\u2019adieu\u201d c\u00e9l\u00e8bre la reprise de sa publication avec plus de 30 millions de volumes vendus, retour pr\u00e9vu le 23 juillet - ComicAddict Lab\" \/>\n\t\t<meta name=\"twitter:description\" content=\"Pr\u00e9sentation &quot;Frieren : Au-del\u00e0 de l&#039;adieu&quot; est une s\u00e9r\" \/>\n\t\t<meta name=\"twitter:creator\" content=\"@ComicAddictJP\" \/>\n\t\t<meta name=\"twitter:image\" content=\"https:\/\/comic-addict.com\/editorial\/fr\/wp-content\/uploads\/2024\/07\/cropped-ComicAddict-Lab20240702_1.png\" \/>\n\t\t<script type=\"application\/ld+json\" class=\"aioseo-schema\">\n\t\t\t{\"@context\":\"https:\\\/\\\/schema.org\",\"@graph\":[{\"@type\":\"BlogPosting\",\"@id\":\"https:\\\/\\\/comic-addict.com\\\/editorial\\\/fr\\\/news-202507-frieren\\\/#blogposting\",\"name\":\"\\u201cFrieren : Au-del\\u00e0 de l\\u2019adieu\\u201d c\\u00e9l\\u00e8bre la reprise de sa publication avec plus de 30 millions de volumes vendus, retour pr\\u00e9vu le 23 juillet - ComicAddict Lab\",\"headline\":\"&#8220;Frieren : Au-del\\u00e0 de l&#8217;adieu&#8221; c\\u00e9l\\u00e8bre la reprise de sa publication avec plus de 30 millions de volumes vendus, retour pr\\u00e9vu le 23 juillet\",\"author\":{\"@id\":\"https:\\\/\\\/comic-addict.com\\\/editorial\\\/fr\\\/author\\\/addict_admin\\\/#author\"},\"publisher\":{\"@id\":\"https:\\\/\\\/comic-addict.com\\\/editorial\\\/fr\\\/#organization\"},\"image\":{\"@type\":\"ImageObject\",\"url\":\"https:\\\/\\\/comic-addict.com\\\/editorial\\\/fr\\\/wp-content\\\/uploads\\\/2025\\\/07\\\/202507_sousou.jpg\",\"width\":1366,\"height\":768},\"datePublished\":\"2025-07-24T10:04:15+09:00\",\"dateModified\":\"2025-07-23T10:08:56+09:00\",\"inLanguage\":\"ja\",\"mainEntityOfPage\":{\"@id\":\"https:\\\/\\\/comic-addict.com\\\/editorial\\\/fr\\\/news-202507-frieren\\\/#webpage\"},\"isPartOf\":{\"@id\":\"https:\\\/\\\/comic-addict.com\\\/editorial\\\/fr\\\/news-202507-frieren\\\/#webpage\"},\"articleSection\":\"News\"},{\"@type\":\"BreadcrumbList\",\"@id\":\"https:\\\/\\\/comic-addict.com\\\/editorial\\\/fr\\\/news-202507-frieren\\\/#breadcrumblist\",\"itemListElement\":[{\"@type\":\"ListItem\",\"@id\":\"https:\\\/\\\/comic-addict.com\\\/editorial\\\/fr#listItem\",\"position\":1,\"name\":\"Home\",\"item\":\"https:\\\/\\\/comic-addict.com\\\/editorial\\\/fr\",\"nextItem\":{\"@type\":\"ListItem\",\"@id\":\"https:\\\/\\\/comic-addict.com\\\/editorial\\\/fr\\\/category\\\/news\\\/#listItem\",\"name\":\"News\"}},{\"@type\":\"ListItem\",\"@id\":\"https:\\\/\\\/comic-addict.com\\\/editorial\\\/fr\\\/category\\\/news\\\/#listItem\",\"position\":2,\"name\":\"News\",\"item\":\"https:\\\/\\\/comic-addict.com\\\/editorial\\\/fr\\\/category\\\/news\\\/\",\"nextItem\":{\"@type\":\"ListItem\",\"@id\":\"https:\\\/\\\/comic-addict.com\\\/editorial\\\/fr\\\/news-202507-frieren\\\/#listItem\",\"name\":\"&#8220;Frieren : Au-del\\u00e0 de l&#8217;adieu&#8221; c\\u00e9l\\u00e8bre la reprise de sa publication avec plus de 30 millions de volumes vendus, retour pr\\u00e9vu le 23 juillet\"},\"previousItem\":{\"@type\":\"ListItem\",\"@id\":\"https:\\\/\\\/comic-addict.com\\\/editorial\\\/fr#listItem\",\"name\":\"Home\"}},{\"@type\":\"ListItem\",\"@id\":\"https:\\\/\\\/comic-addict.com\\\/editorial\\\/fr\\\/news-202507-frieren\\\/#listItem\",\"position\":3,\"name\":\"&#8220;Frieren : Au-del\\u00e0 de l&#8217;adieu&#8221; c\\u00e9l\\u00e8bre la reprise de sa publication avec plus de 30 millions de volumes vendus, retour pr\\u00e9vu le 23 juillet\",\"previousItem\":{\"@type\":\"ListItem\",\"@id\":\"https:\\\/\\\/comic-addict.com\\\/editorial\\\/fr\\\/category\\\/news\\\/#listItem\",\"name\":\"News\"}}]},{\"@type\":\"Organization\",\"@id\":\"https:\\\/\\\/comic-addict.com\\\/editorial\\\/fr\\\/#organization\",\"name\":\"Editorial Comic Addict(JP)\",\"description\":\"For All Manga Lovers\",\"url\":\"https:\\\/\\\/comic-addict.com\\\/editorial\\\/fr\\\/\",\"logo\":{\"@type\":\"ImageObject\",\"url\":\"https:\\\/\\\/comic-addict.com\\\/editorial\\\/fr\\\/wp-content\\\/uploads\\\/2024\\\/07\\\/cropped-ComicAddict-Lab20240702_1.png\",\"@id\":\"https:\\\/\\\/comic-addict.com\\\/editorial\\\/fr\\\/news-202507-frieren\\\/#organizationLogo\",\"width\":2492,\"height\":225},\"image\":{\"@id\":\"https:\\\/\\\/comic-addict.com\\\/editorial\\\/fr\\\/news-202507-frieren\\\/#organizationLogo\"},\"sameAs\":[\"https:\\\/\\\/twitter.com\\\/ComicAddictJP\"]},{\"@type\":\"Person\",\"@id\":\"https:\\\/\\\/comic-addict.com\\\/editorial\\\/fr\\\/author\\\/addict_admin\\\/#author\",\"url\":\"https:\\\/\\\/comic-addict.com\\\/editorial\\\/fr\\\/author\\\/addict_admin\\\/\",\"name\":\"ComicAddict\",\"image\":{\"@type\":\"ImageObject\",\"@id\":\"https:\\\/\\\/comic-addict.com\\\/editorial\\\/fr\\\/news-202507-frieren\\\/#authorImage\",\"url\":\"https:\\\/\\\/secure.gravatar.com\\\/avatar\\\/4c07f516a29e47902c69c3766580083dac6386823a75771fe365c54b8ebdaea0?s=96&d=mm&r=g\",\"width\":96,\"height\":96,\"caption\":\"ComicAddict\"}},{\"@type\":\"WebPage\",\"@id\":\"https:\\\/\\\/comic-addict.com\\\/editorial\\\/fr\\\/news-202507-frieren\\\/#webpage\",\"url\":\"https:\\\/\\\/comic-addict.com\\\/editorial\\\/fr\\\/news-202507-frieren\\\/\",\"name\":\"\\u201cFrieren : Au-del\\u00e0 de l\\u2019adieu\\u201d c\\u00e9l\\u00e8bre la reprise de sa publication avec plus de 30 millions de volumes vendus, retour pr\\u00e9vu le 23 juillet - ComicAddict Lab\",\"description\":\"Pr\\u00e9sentation \\\"Frieren : Au-del\\u00e0 de l'adieu\\\" est une s\\u00e9r\",\"inLanguage\":\"ja\",\"isPartOf\":{\"@id\":\"https:\\\/\\\/comic-addict.com\\\/editorial\\\/fr\\\/#website\"},\"breadcrumb\":{\"@id\":\"https:\\\/\\\/comic-addict.com\\\/editorial\\\/fr\\\/news-202507-frieren\\\/#breadcrumblist\"},\"author\":{\"@id\":\"https:\\\/\\\/comic-addict.com\\\/editorial\\\/fr\\\/author\\\/addict_admin\\\/#author\"},\"creator\":{\"@id\":\"https:\\\/\\\/comic-addict.com\\\/editorial\\\/fr\\\/author\\\/addict_admin\\\/#author\"},\"image\":{\"@type\":\"ImageObject\",\"url\":\"https:\\\/\\\/comic-addict.com\\\/editorial\\\/fr\\\/wp-content\\\/uploads\\\/2025\\\/07\\\/202507_sousou.jpg\",\"@id\":\"https:\\\/\\\/comic-addict.com\\\/editorial\\\/fr\\\/news-202507-frieren\\\/#mainImage\",\"width\":1366,\"height\":768},\"primaryImageOfPage\":{\"@id\":\"https:\\\/\\\/comic-addict.com\\\/editorial\\\/fr\\\/news-202507-frieren\\\/#mainImage\"},\"datePublished\":\"2025-07-24T10:04:15+09:00\",\"dateModified\":\"2025-07-23T10:08:56+09:00\"},{\"@type\":\"WebSite\",\"@id\":\"https:\\\/\\\/comic-addict.com\\\/editorial\\\/fr\\\/#website\",\"url\":\"https:\\\/\\\/comic-addict.com\\\/editorial\\\/fr\\\/\",\"name\":\"Editorial ComicAddict\",\"description\":\"For All Manga Lovers\",\"inLanguage\":\"ja\",\"publisher\":{\"@id\":\"https:\\\/\\\/comic-addict.com\\\/editorial\\\/fr\\\/#organization\"}}]}\n\t\t<\/script>\n\t\t<!-- All in One SEO -->\n\n","aioseo_head_json":{"title":"\u201cFrieren : Au-del\u00e0 de l\u2019adieu\u201d c\u00e9l\u00e8bre la reprise de sa publication avec plus de 30 millions de volumes vendus, retour pr\u00e9vu le 23 juillet - ComicAddict Lab","description":"Pr\u00e9sentation \"Frieren : Au-del\u00e0 de l'adieu\" est une s\u00e9r","canonical_url":"https:\/\/comic-addict.com\/editorial\/fr\/news-202507-frieren\/","robots":"max-image-preview:large","keywords":"","webmasterTools":{"miscellaneous":"&lt;!-- Google tag (gtag.js) --&gt;\n&lt;script async src=\"https:\/\/www.googletagmanager.com\/gtag\/js?id=G-1HHP5WEH3W\"&gt;&lt;\/script&gt;\n&lt;script&gt;\n  window.dataLayer = window.dataLayer || [];\n  function gtag(){dataLayer.push(arguments);}\n  gtag('js', new Date());\n\n  gtag('config', 'G-1HHP5WEH3W');\n&lt;\/script&gt;"},"schema":{"@context":"https:\/\/schema.org","@graph":[{"@type":"BlogPosting","@id":"https:\/\/comic-addict.com\/editorial\/fr\/news-202507-frieren\/#blogposting","name":"\u201cFrieren : Au-del\u00e0 de l\u2019adieu\u201d c\u00e9l\u00e8bre la reprise de sa publication avec plus de 30 millions de volumes vendus, retour pr\u00e9vu le 23 juillet - ComicAddict Lab","headline":"&#8220;Frieren : Au-del\u00e0 de l&#8217;adieu&#8221; c\u00e9l\u00e8bre la reprise de sa publication avec plus de 30 millions de volumes vendus, retour pr\u00e9vu le 23 juillet","author":{"@id":"https:\/\/comic-addict.com\/editorial\/fr\/author\/addict_admin\/#author"},"publisher":{"@id":"https:\/\/comic-addict.com\/editorial\/fr\/#organization"},"image":{"@type":"ImageObject","url":"https:\/\/comic-addict.com\/editorial\/fr\/wp-content\/uploads\/2025\/07\/202507_sousou.jpg","width":1366,"height":768},"datePublished":"2025-07-24T10:04:15+09:00","dateModified":"2025-07-23T10:08:56+09:00","inLanguage":"ja","mainEntityOfPage":{"@id":"https:\/\/comic-addict.com\/editorial\/fr\/news-202507-frieren\/#webpage"},"isPartOf":{"@id":"https:\/\/comic-addict.com\/editorial\/fr\/news-202507-frieren\/#webpage"},"articleSection":"News"},{"@type":"BreadcrumbList","@id":"https:\/\/comic-addict.com\/editorial\/fr\/news-202507-frieren\/#breadcrumblist","itemListElement":[{"@type":"ListItem","@id":"https:\/\/comic-addict.com\/editorial\/fr#listItem","position":1,"name":"Home","item":"https:\/\/comic-addict.com\/editorial\/fr","nextItem":{"@type":"ListItem","@id":"https:\/\/comic-addict.com\/editorial\/fr\/category\/news\/#listItem","name":"News"}},{"@type":"ListItem","@id":"https:\/\/comic-addict.com\/editorial\/fr\/category\/news\/#listItem","position":2,"name":"News","item":"https:\/\/comic-addict.com\/editorial\/fr\/category\/news\/","nextItem":{"@type":"ListItem","@id":"https:\/\/comic-addict.com\/editorial\/fr\/news-202507-frieren\/#listItem","name":"&#8220;Frieren : Au-del\u00e0 de l&#8217;adieu&#8221; c\u00e9l\u00e8bre la reprise de sa publication avec plus de 30 millions de volumes vendus, retour pr\u00e9vu le 23 juillet"},"previousItem":{"@type":"ListItem","@id":"https:\/\/comic-addict.com\/editorial\/fr#listItem","name":"Home"}},{"@type":"ListItem","@id":"https:\/\/comic-addict.com\/editorial\/fr\/news-202507-frieren\/#listItem","position":3,"name":"&#8220;Frieren : Au-del\u00e0 de l&#8217;adieu&#8221; c\u00e9l\u00e8bre la reprise de sa publication avec plus de 30 millions de volumes vendus, retour pr\u00e9vu le 23 juillet","previousItem":{"@type":"ListItem","@id":"https:\/\/comic-addict.com\/editorial\/fr\/category\/news\/#listItem","name":"News"}}]},{"@type":"Organization","@id":"https:\/\/comic-addict.com\/editorial\/fr\/#organization","name":"Editorial Comic Addict(JP)","description":"For All Manga Lovers","url":"https:\/\/comic-addict.com\/editorial\/fr\/","logo":{"@type":"ImageObject","url":"https:\/\/comic-addict.com\/editorial\/fr\/wp-content\/uploads\/2024\/07\/cropped-ComicAddict-Lab20240702_1.png","@id":"https:\/\/comic-addict.com\/editorial\/fr\/news-202507-frieren\/#organizationLogo","width":2492,"height":225},"image":{"@id":"https:\/\/comic-addict.com\/editorial\/fr\/news-202507-frieren\/#organizationLogo"},"sameAs":["https:\/\/twitter.com\/ComicAddictJP"]},{"@type":"Person","@id":"https:\/\/comic-addict.com\/editorial\/fr\/author\/addict_admin\/#author","url":"https:\/\/comic-addict.com\/editorial\/fr\/author\/addict_admin\/","name":"ComicAddict","image":{"@type":"ImageObject","@id":"https:\/\/comic-addict.com\/editorial\/fr\/news-202507-frieren\/#authorImage","url":"https:\/\/secure.gravatar.com\/avatar\/4c07f516a29e47902c69c3766580083dac6386823a75771fe365c54b8ebdaea0?s=96&d=mm&r=g","width":96,"height":96,"caption":"ComicAddict"}},{"@type":"WebPage","@id":"https:\/\/comic-addict.com\/editorial\/fr\/news-202507-frieren\/#webpage","url":"https:\/\/comic-addict.com\/editorial\/fr\/news-202507-frieren\/","name":"\u201cFrieren : Au-del\u00e0 de l\u2019adieu\u201d c\u00e9l\u00e8bre la reprise de sa publication avec plus de 30 millions de volumes vendus, retour pr\u00e9vu le 23 juillet - ComicAddict Lab","description":"Pr\u00e9sentation \"Frieren : Au-del\u00e0 de l'adieu\" est une s\u00e9r","inLanguage":"ja","isPartOf":{"@id":"https:\/\/comic-addict.com\/editorial\/fr\/#website"},"breadcrumb":{"@id":"https:\/\/comic-addict.com\/editorial\/fr\/news-202507-frieren\/#breadcrumblist"},"author":{"@id":"https:\/\/comic-addict.com\/editorial\/fr\/author\/addict_admin\/#author"},"creator":{"@id":"https:\/\/comic-addict.com\/editorial\/fr\/author\/addict_admin\/#author"},"image":{"@type":"ImageObject","url":"https:\/\/comic-addict.com\/editorial\/fr\/wp-content\/uploads\/2025\/07\/202507_sousou.jpg","@id":"https:\/\/comic-addict.com\/editorial\/fr\/news-202507-frieren\/#mainImage","width":1366,"height":768},"primaryImageOfPage":{"@id":"https:\/\/comic-addict.com\/editorial\/fr\/news-202507-frieren\/#mainImage"},"datePublished":"2025-07-24T10:04:15+09:00","dateModified":"2025-07-23T10:08:56+09:00"},{"@type":"WebSite","@id":"https:\/\/comic-addict.com\/editorial\/fr\/#website","url":"https:\/\/comic-addict.com\/editorial\/fr\/","name":"Editorial ComicAddict","description":"For All Manga Lovers","inLanguage":"ja","publisher":{"@id":"https:\/\/comic-addict.com\/editorial\/fr\/#organization"}}]},"og:locale":"ja_JP","og:site_name":"ComicAddict Lab - For All Manga Lovers","og:type":"article","og:title":"\u201cFrieren : Au-del\u00e0 de l\u2019adieu\u201d c\u00e9l\u00e8bre la reprise de sa publication avec plus de 30 millions de volumes vendus, retour pr\u00e9vu le 23 juillet - ComicAddict Lab","og:description":"Pr\u00e9sentation &quot;Frieren : Au-del\u00e0 de l'adieu&quot; est une s\u00e9r","og:url":"https:\/\/comic-addict.com\/editorial\/fr\/news-202507-frieren\/","og:image":"https:\/\/comic-addict.com\/editorial\/fr\/wp-content\/uploads\/2024\/07\/cropped-ComicAddict-Lab20240702_1.png","og:image:secure_url":"https:\/\/comic-addict.com\/editorial\/fr\/wp-content\/uploads\/2024\/07\/cropped-ComicAddict-Lab20240702_1.png","article:published_time":"2025-07-24T01:04:15+00:00","article:modified_time":"2025-07-23T01:08:56+00:00","twitter:card":"summary_large_image","twitter:site":"@ComicAddictJP","twitter:title":"\u201cFrieren : Au-del\u00e0 de l\u2019adieu\u201d c\u00e9l\u00e8bre la reprise de sa publication avec plus de 30 millions de volumes vendus, retour pr\u00e9vu le 23 juillet - ComicAddict Lab","twitter:description":"Pr\u00e9sentation &quot;Frieren : Au-del\u00e0 de l'adieu&quot; est une s\u00e9r","twitter:creator":"@ComicAddictJP","twitter:image":"https:\/\/comic-addict.com\/editorial\/fr\/wp-content\/uploads\/2024\/07\/cropped-ComicAddict-Lab20240702_1.png"},"aioseo_meta_data":{"post_id":"1511","title":null,"description":null,"keywords":null,"keyphrases":{"focus":{"keyphrase":"","score":0,"analysis":{"keyphraseInTitle":{"score":0,"maxScore":9,"error":1}}},"additional":[]},"primary_term":null,"canonical_url":null,"og_title":null,"og_description":null,"og_object_type":"default","og_image_type":"default","og_image_url":null,"og_image_width":null,"og_image_height":null,"og_image_custom_url":null,"og_image_custom_fields":null,"og_video":"","og_custom_url":null,"og_article_section":null,"og_article_tags":null,"twitter_use_og":false,"twitter_card":"default","twitter_image_type":"default","twitter_image_url":null,"twitter_image_custom_url":null,"twitter_image_custom_fields":null,"twitter_title":null,"twitter_description":null,"schema":{"blockGraphs":[],"customGraphs":[],"default":{"data":{"Article":[],"Course":[],"Dataset":[],"FAQPage":[],"Movie":[],"Person":[],"Product":[],"ProductReview":[],"Car":[],"Recipe":[],"Service":[],"SoftwareApplication":[],"WebPage":[]},"graphName":"BlogPosting","isEnabled":true},"graphs":[]},"schema_type":"default","schema_type_options":null,"pillar_content":false,"robots_default":true,"robots_noindex":false,"robots_noarchive":false,"robots_nosnippet":false,"robots_nofollow":false,"robots_noimageindex":false,"robots_noodp":false,"robots_notranslate":false,"robots_max_snippet":"-1","robots_max_videopreview":"-1","robots_max_imagepreview":"large","priority":null,"frequency":"default","local_seo":null,"breadcrumb_settings":null,"limit_modified_date":false,"ai":{"faqs":[],"keyPoints":[],"titles":[],"descriptions":[],"socialPosts":{"email":[],"linkedin":[],"twitter":[],"facebook":[],"instagram":[]}},"created":"2025-07-23 01:08:56","updated":"2025-07-24 01:23:38","focus_keyword":null,"additional_keywords":null,"truseo_locale":null,"seo_analyzer_scan_date":null},"aioseo_breadcrumb":"<div class=\"aioseo-breadcrumbs\"><span class=\"aioseo-breadcrumb\">\n\t\t\t<a href=\"https:\/\/comic-addict.com\/editorial\/fr\" title=\"Home\">Home<\/a>\n\t\t<\/span><span class=\"aioseo-breadcrumb-separator\">&raquo;<\/span><span class=\"aioseo-breadcrumb\">\n\t\t\t<a href=\"https:\/\/comic-addict.com\/editorial\/fr\/category\/news\/\" title=\"News\">News<\/a>\n\t\t<\/span><span class=\"aioseo-breadcrumb-separator\">&raquo;<\/span><span class=\"aioseo-breadcrumb\">\n\t\t\t\u201cFrieren : Au-del\u00e0 de l\u2019adieu\u201d c\u00e9l\u00e8bre la reprise de sa publication avec plus de 30 millions de volumes vendus, retour pr\u00e9vu le 23 juillet\n\t\t<\/span><\/div>","aioseo_breadcrumb_json":[{"label":"Home","link":"https:\/\/comic-addict.com\/editorial\/fr"},{"label":"News","link":"https:\/\/comic-addict.com\/editorial\/fr\/category\/news\/"},{"label":"&#8220;Frieren : Au-del\u00e0 de l&#8217;adieu&#8221; c\u00e9l\u00e8bre la reprise de sa publication avec plus de 30 millions de volumes vendus, retour pr\u00e9vu le 23 juillet","link":"https:\/\/comic-addict.com\/editorial\/fr\/news-202507-frieren\/"}],"_links":{"self":[{"href":"https:\/\/comic-addict.com\/editorial\/fr\/wp-json\/wp\/v2\/posts\/1511","targetHints":{"allow":["GET"]}}],"collection":[{"href":"https:\/\/comic-addict.com\/editorial\/fr\/wp-json\/wp\/v2\/posts"}],"about":[{"href":"https:\/\/comic-addict.com\/editorial\/fr\/wp-json\/wp\/v2\/types\/post"}],"author":[{"embeddable":true,"href":"https:\/\/comic-addict.com\/editorial\/fr\/wp-json\/wp\/v2\/users\/1"}],"replies":[{"embeddable":true,"href":"https:\/\/comic-addict.com\/editorial\/fr\/wp-json\/wp\/v2\/comments?post=1511"}],"version-history":[{"count":1,"href":"https:\/\/comic-addict.com\/editorial\/fr\/wp-json\/wp\/v2\/posts\/1511\/revisions"}],"predecessor-version":[{"id":1518,"href":"https:\/\/comic-addict.com\/editorial\/fr\/wp-json\/wp\/v2\/posts\/1511\/revisions\/1518"}],"wp:featuredmedia":[{"embeddable":true,"href":"https:\/\/comic-addict.com\/editorial\/fr\/wp-json\/wp\/v2\/media\/1517"}],"wp:attachment":[{"href":"https:\/\/comic-addict.com\/editorial\/fr\/wp-json\/wp\/v2\/media?parent=1511"}],"wp:term":[{"taxonomy":"category","embeddable":true,"href":"https:\/\/comic-addict.com\/editorial\/fr\/wp-json\/wp\/v2\/categories?post=1511"},{"taxonomy":"post_tag","embeddable":true,"href":"https:\/\/comic-addict.com\/editorial\/fr\/wp-json\/wp\/v2\/tags?post=1511"}],"curies":[{"name":"wp","href":"https:\/\/api.w.org\/{rel}","templated":true}]}}